{"id":10363,"date":"2023-11-08T14:30:21","date_gmt":"2023-11-08T13:30:21","guid":{"rendered":"https:\/\/swisschange.ch\/?p=10363"},"modified":"2023-11-08T14:32:00","modified_gmt":"2023-11-08T13:32:00","slug":"veraenderung-liegt-in-der-luft","status":"publish","type":"post","link":"https:\/\/swisschange.ch\/it\/2023\/11\/08\/veraenderung-liegt-in-der-luft\/","title":{"rendered":"Ver\u00e4nderung liegt in der Luft"},"content":{"rendered":"\n<p>EMR November 2023<\/p>\n\n\n\n<p>Liebe Leserin, lieber Leser,<\/p>\n\n\n\n<h2 class=\"wp-block-heading\">SCHWIERIGE AUSSICHTEN<\/h2>\n\n\n\n<p>Bekanntlich hat der IWF eine spezielle Warnung herausgegeben, n\u00e4mlich dass &#8220;die Finanzierung des Kampfes gegen den Klimawandel allein durch Anreize ernsthaft das Risilo in sich birgt, die Staatshaushalte zu untergraben&#8221;. Die Warnung des IWF bezieht sich ausdr\u00fccklich auf den Wettbewerb im Rahmen der Energiewende-Kampagne und insbesondere auf den US Inflation Reduction Act (IRA) vom 16. August 2022, der im Nachhinein betrachtet viel mehr mit der Bek\u00e4mpfung der Inflation als mit dem Klimawandel zu tun hat.<\/p>\n\n\n\n<p>Dieser sehr wichtige Vorbehalt veranlasst uns, die Beziehungen zwischen Inflation, Zinss\u00e4tzen und Aktienindizes zu untersuchen, um ein wahrscheinliches oder m\u00f6gliches Ergebnis im Hinblick auf die Anlagediversifizierung darzustellen. Die folgende Graphik zeigt signifikante Unterschiede auf.<\/p>\n\n\n\n<figure class=\"wp-block-image size-full is-resized\"><img fetchpriority=\"high\" decoding=\"async\" width=\"960\" height=\"619\" src=\"https:\/\/swisschange.ch\/wp-content\/uploads\/2023\/11\/EMR2023_Nov_DE01.jpg\" alt=\"\" class=\"wp-image-10364\" style=\"width:600px\" srcset=\"https:\/\/swisschange.ch\/wp-content\/uploads\/2023\/11\/EMR2023_Nov_DE01.jpg 960w, https:\/\/swisschange.ch\/wp-content\/uploads\/2023\/11\/EMR2023_Nov_DE01-300x193.jpg 300w, https:\/\/swisschange.ch\/wp-content\/uploads\/2023\/11\/EMR2023_Nov_DE01-768x495.jpg 768w\" sizes=\"(max-width: 767px) 89vw, (max-width: 1000px) 54vw, (max-width: 1071px) 543px, 580px\" \/><\/figure>\n\n\n\n<p><em>Beschriftung: DJIA = Dow Jones Index; iS = 3-Monats-Zinss\u00e4tze; iL= 10-j\u00e4hrige Anleiherenditen; Pdot = Verbraucherpreise; is = linke Skala, rs = rechte Skala.<\/em><\/p>\n\n\n\n<h2 class=\"wp-block-heading\">UNSERE EINSCH\u00c4TZUNG<\/h2>\n\n\n\n<p>Aufgrund der Entwicklungen in der Elektronik (Chips und deren Produktionsinhalte) sind wir aufgerufen, das \u201cKosten-Nutzen-Verh\u00e4ltnis\u201d des drohenden Protektionismus sorgf\u00e4ltig zu analysieren, vor allem auch wegen der russischen Aggression in in der Ukraine und der Bruderkriege im Nahen Osten und anderswo. Dar\u00fcber hinaus sollten wir dieses komplizierte Szenario nicht nur vor dem Hintergrund von Chinas Verlust an Produktivkraft bewerten, sondern auch vor dem Hintergrund der erwarteten und dringend notwendigen Wende zugunsten freier Marktwirtschaften. Die j\u00fcngsten Daten zum realen BIP in den USA (Q3 2023) weisen eindeutig in diese Richtung. Wichtige Themen in diesem Zusammenhang sind zweifellos der \u201cSubventionskrieg\u201d im Zusammenhang mit dem IRA und der eher beunruhigende Anstieg der Staatsverschuldung auf ein unhaltbares Niveau, vielleicht mit einer besonderen Ausnahme, der der Schweiz. Im Vergleich zu den EU-Staaten und den Vereinigten Staaten ist das Verh\u00e4ltnis in der Schweiz eher begrenzt.<\/p>\n\n\n\n<p>In diesem Zusammenhang stellen wir uns die Frage, was diese Umkehrung hin zur \u201cInlandsproduktion\u201d f\u00fcr die internationale Investitionsdiversi-fizierung bedeuten k\u00f6nnte. Irgendwelche Vorschl\u00e4ge?<\/p>\n\n\n\n<p>Dramatische Ver\u00e4nderungen im Produktionsprozess liegen in der Luft. Wir erwarten eine zunehmende Konzentration auf inl\u00e4ndische Inhalte, insbesondere im technologischen Umfeld. Es ist jedoch nicht zu erwarten, dass sich diese Trendwende mit gro\u00dfer Geschwindigkeit vollziehen wird. Dies wird auf lange Sicht ein entscheidender Faktor sein. Ein zweiter Aspekt, den wir sehen, ist die Entwicklung auf den Arbeitsm\u00e4rkten, eine Trendwende von der Verlagerung der Produktion ins Ausland hin zur Verlagerung auf die lokalen M\u00e4rkte. Auch wenn dieser Wandel kurzfristig nicht sp\u00fcrbar sein mag, wird er sich auf die Besch\u00e4ftigung auswirken, insbesondere im Bereich der Technologie. Es besteht kein Zweifel daran, dass der internationale Handel die Erwartungen an das Wirtschaftswachstum derjenigen L\u00e4nder ver\u00e4ndern kann, die bereit und in der Lage sind, neue Investitionsfabriken zu finanzieren. Dar\u00fcber hinaus wird der Freihandel zunehmend der Tatsache Rechnung tragen m\u00fcssen, dass er sich von einem F\u00f6rderer der Wirtschaft zu einem zweiten F\u00f6rderer nach der lokalen Produktion entwickeln wird. Die bekannten und viel gepriesenen Tugenden des globalen freien Kapital- und Warenhandels als Motor des Wirtschaftswachstums werden konsequent ver\u00e4ndert und angepasst werden m\u00fcssen.<\/p>\n\n\n\n<h2 class=\"wp-block-heading\">DETERMINISTISCHE VERLAGERUNG<\/h2>\n\n\n\n<p>Im Zusammenhang mit der erwarteten Produktionsverlagerung konzentrieren wir uns auf die folgenden drei Faktoren, die wir als hochdeterministische Mittel f\u00fcr eine rentable Investitionsallokation betrachten:<\/p>\n\n\n\n<p>1.&nbsp; Die Verlagerung der Produktion aus dem Ausland auf die heimischen M\u00e4rkte oder an die K\u00fcste.<\/p>\n\n\n\n<p>2.&nbsp; Die deterministische Bedeutung der Verf\u00fcgbarkeit inl\u00e4ndischer Vorleistungen im Verh\u00e4ltnis zu importierten Vorleistungen und<\/p>\n\n\n\n<p>3. Die Verf\u00fcgbarkeit von im Inland entwickelten und produzierten Technologien.<\/p>\n\n\n\n<p>In j\u00fcngster Zeit haben wir eine deterministische Revision der Bedeutung der inl\u00e4ndischen gegen\u00fcber der importierten Produktion erlebt. Kosten und Nutzen werden zunehmend unter dem Gesichtspunkt zunehmender protektionistischer St\u00f6rungen bewertet. Im internationalen Wettbewerb der freien M\u00e4rkte werden die Vor- und Nachteile zunehmend dynamisch und nicht mehr vorwiegend statisch bewertet. Diese Verschiebungen werden zunehmend als eine Neubewertung des Konzepts \u201cbillig\u201d gesehen, das nicht mehr so deterministisch ist wie die \u201cp\u00fcnktliche Verf\u00fcgbarkeit\u201d.<\/p>\n\n\n\n<p>Ein zweiter Aspekt bezieht sich auf den \u201cInhalt\u201d der Produktionsmittel. Die \u201cBilligproduktionsl\u00e4nder\u201d begannen, die Preise zu erh\u00f6hen und\/oder spezifische Kosten einzuf\u00fchren. Die Produktion in China wurde im Vergleich zur lokalen Produktion als profitabel definiert. Im Zusammenhang mit dem IRA haben die USA festgestellt, dass Produktionsquoten unerl\u00e4sslich sind, da Computer ohne bestimmte, nur in den USA erh\u00e4ltliche Komponenten, nicht wie erwartet funktionieren k\u00f6nnten.<\/p>\n\n\n\n<p>Der dritte Aspekt, der m\u00f6glicherweise der bestimmendste ist, betrifft die Verf\u00fcgbarkeit von im Inland entwickelten und produzierten Technologien, d.h. eine verst\u00e4rkte Konzentration auf die inl\u00e4ndische Produktion. Im Hinblick auf die Wirtschaftst\u00e4tigkeit erwarten wir erhebliche Auswirkungen auf die Konsum- und Investitionsausgaben, da wir in gewissem Sinne mit einem Wiederaufleben des Protektionismus konfrontiert sind. Dieser Trend ist in Bezug auf die Produktion von Elektrofahrzeugen deutlich sichtbar, aber nicht ausschlie\u00dflich.<\/p>\n\n\n\n<h2 class=\"wp-block-heading\">AUSWIRKUNGEN AUF DIE ANALAGEPOLITIK<\/h2>\n\n\n\n<p>Derzeit rechnen die Anleger mit weiteren, moderaten Zinserh\u00f6hungen sowie weiteren Wechselkursanpassungen. Als Schweizer Anleger mit einem relativ hohen Home Bias erwarten wir weiterhin eine Outperformance des CHF gegen\u00fcber dem EUR, dem USD und dem GBP sowie dem YEN.<\/p>\n\n\n\n<p>Die Wirtschaftst\u00e4tigkeit d\u00fcrfte trotz der j\u00fcngsten Zinserh\u00f6hungen verhalten bleiben, was vor allem auf die Konsumausgaben zur\u00fcckzuf\u00fchren ist. Dar\u00fcber hinaus sind wir besorgt \u00fcber die Schw\u00e4che der europ\u00e4ischen Wirtschaft, die vor allem auf die deutsche Schw\u00e4che zur\u00fcckzuf\u00fchren ist, sowie \u00fcber die anhaltenden Schwierigkeiten in China.<\/p>\n\n\n\n<p>Dennoch wird derzeit von einer Stagflation ausgegangen. Die Weltwirtschaft leidet unter schwachen Konjunkturaussichten und einer Inflation, die nur schwer in Griff zu bekommen ist, insbesondere durch weitere Zinserh\u00f6hungen.&nbsp; Au\u00dferdem fragt sich eine wachsende Zahl von Analysten, wie die Inflation vor allem durch weitere Zinserh\u00f6hungen verringert werden kann? Unsere Antwort, wie sie auch in fr\u00fcheren EMRs ge\u00e4ussert wurde, erfordert eine rasche Reduzierung bestimmter Importe &#8211; insbesondere von Roh\u00f6l und Gas &#8211; und eine Steigerung der inl\u00e4ndischen Produktion lebenswichtiger G\u00fcter. Die dargelegten Argumente sind unsere Hauptgr\u00fcnde, den Schwerpunkt auf Investitionen in unserem lokalen Markt zu legen, insbesondere unter Ber\u00fccksichtigung der erwarteten und bef\u00fcrchteten W\u00e4hrungs\u00e4nderungen und auch der technologischen Entwicklungen, die durch eine zunehmende Konzentration auf inl\u00e4ndische Aktivit\u00e4ten ausgel\u00f6st werden.<\/p>\n\n\n\n<p>Obwohl die Auswirkungen politischer Ver\u00e4nderungen vor allem die mittel- bis langfristigen Perspektiven betreffen sollten, glauben wir, dass es zwingend notwendig sein wird, eine bef\u00fcrchtete wirtschaftliche Rezession genau zu \u00fcberwachen. Zum gegenw\u00e4rtigen Zeitpunkt werden unsere Aussichten auch durch den Ausgang des Krieges zwischen Russland und der Ukraine bestimmt.<\/p>\n\n\n\n<p>Hinter den j\u00fcngsten politischen, wirtschaftlichen und sozialen Entwicklungen, die von einer zerst\u00f6rerischen \u00dcbermacht sprechen, scheint sich eine zunehmend negative Zukunft zu verbergen, h\u00f6chstwahrscheinlich handelt es sich um einen Wandel, den so genannten \u201cChipkrieg\u201d (zwischen den Vereinigten Staaten und China (einschlie\u00dflich Taiwan und anderen Herstellern nicht nur aus Asien, sondern auch aus Europa). Ein Paradebeispiel ist der Markt f\u00fcr Elektroautos. Die Grafik zu den Zinsunterschieden deutet auf eine bevorstehende Umkehr hin, nicht wahr?<\/p>\n\n\n\n<figure class=\"wp-block-image size-full is-resized\"><img decoding=\"async\" width=\"656\" height=\"562\" src=\"https:\/\/swisschange.ch\/wp-content\/uploads\/2023\/11\/EMR2023_Nov_DE02.jpg\" alt=\"\" class=\"wp-image-10368\" style=\"width:600px\" srcset=\"https:\/\/swisschange.ch\/wp-content\/uploads\/2023\/11\/EMR2023_Nov_DE02.jpg 656w, https:\/\/swisschange.ch\/wp-content\/uploads\/2023\/11\/EMR2023_Nov_DE02-300x257.jpg 300w\" sizes=\"(max-width: 656px) 100vw, 656px\" \/><\/figure>\n\n\n\n<p>Kommentare sind willkommen.<\/p>\n<span class=\"synved-social-container synved-social-container-share\"><a class=\"synved-social-button synved-social-button-share synved-social-size-24 synved-social-resolution-single synved-social-provider-facebook nolightbox\" data-provider=\"facebook\" target=\"_blank\" rel=\"nofollow\" title=\"Share on Facebook\" href=\"https:\/\/www.facebook.com\/sharer.php?u=https%3A%2F%2Fswisschange.ch%2Fit%2Fwp-json%2Fwp%2Fv2%2Fposts%2F10363%2F&#038;t=Ver%C3%A4nderung%20liegt%20in%20der%20Luft&#038;s=100&#038;p&#091;url&#093;=https%3A%2F%2Fswisschange.ch%2Fit%2Fwp-json%2Fwp%2Fv2%2Fposts%2F10363%2F&#038;p&#091;images&#093;&#091;0&#093;=https%3A%2F%2Fswisschange.ch%2Fwp-content%2Fuploads%2F2023%2F11%2FEMR2023_Nov_DE01.jpg&#038;p&#091;title&#093;=Ver%C3%A4nderung%20liegt%20in%20der%20Luft\" style=\"font-size: 0px;width:24px;height:24px;margin:0;margin-bottom:10px;margin-right:10px\"><img decoding=\"async\" alt=\"Facebook\" title=\"Share on Facebook\" class=\"synved-share-image synved-social-image synved-social-image-share\" width=\"24\" height=\"24\" style=\"display: inline;width:24px;height:24px;margin: 0;padding: 0;border: none;box-shadow: none\" src=\"https:\/\/swisschange.ch\/wp-content\/plugins\/social-media-feather\/synved-social\/addons\/extra-icons\/image\/social\/clearslate\/48x48\/facebook.png\" \/><\/a><a class=\"synved-social-button synved-social-button-share synved-social-size-24 synved-social-resolution-single synved-social-provider-twitter nolightbox\" data-provider=\"twitter\" target=\"_blank\" rel=\"nofollow\" title=\"Share on Twitter\" href=\"https:\/\/twitter.com\/intent\/tweet?url=https%3A%2F%2Fswisschange.ch%2Fit%2Fwp-json%2Fwp%2Fv2%2Fposts%2F10363%2F&#038;text=Hey%20check%20this%20out\" style=\"font-size: 0px;width:24px;height:24px;margin:0;margin-bottom:10px;margin-right:10px\"><img loading=\"lazy\" decoding=\"async\" alt=\"twitter\" title=\"Share on Twitter\" class=\"synved-share-image synved-social-image synved-social-image-share\" width=\"24\" height=\"24\" style=\"display: inline;width:24px;height:24px;margin: 0;padding: 0;border: none;box-shadow: none\" src=\"https:\/\/swisschange.ch\/wp-content\/plugins\/social-media-feather\/synved-social\/addons\/extra-icons\/image\/social\/clearslate\/48x48\/twitter.png\" \/><\/a><a class=\"synved-social-button synved-social-button-share synved-social-size-24 synved-social-resolution-single synved-social-provider-linkedin nolightbox\" data-provider=\"linkedin\" target=\"_blank\" rel=\"nofollow\" title=\"Share on Linkedin\" href=\"https:\/\/www.linkedin.com\/shareArticle?mini=true&#038;url=https%3A%2F%2Fswisschange.ch%2Fit%2Fwp-json%2Fwp%2Fv2%2Fposts%2F10363%2F&#038;title=Ver%C3%A4nderung%20liegt%20in%20der%20Luft\" style=\"font-size: 0px;width:24px;height:24px;margin:0;margin-bottom:10px;margin-right:10px\"><img loading=\"lazy\" decoding=\"async\" alt=\"linkedin\" title=\"Share on Linkedin\" class=\"synved-share-image synved-social-image synved-social-image-share\" width=\"24\" height=\"24\" style=\"display: inline;width:24px;height:24px;margin: 0;padding: 0;border: none;box-shadow: none\" src=\"https:\/\/swisschange.ch\/wp-content\/plugins\/social-media-feather\/synved-social\/addons\/extra-icons\/image\/social\/clearslate\/48x48\/linkedin.png\" \/><\/a><a class=\"synved-social-button synved-social-button-share synved-social-size-24 synved-social-resolution-single synved-social-provider-mail nolightbox\" data-provider=\"mail\" rel=\"nofollow\" title=\"Share by email\" href=\"mailto:?subject=Ver%C3%A4nderung%20liegt%20in%20der%20Luft&#038;body=Hey%20check%20this%20out:%20https%3A%2F%2Fswisschange.ch%2Fit%2Fwp-json%2Fwp%2Fv2%2Fposts%2F10363%2F\" style=\"font-size: 0px;width:24px;height:24px;margin:0;margin-bottom:10px\"><img loading=\"lazy\" decoding=\"async\" alt=\"mail\" title=\"Share by email\" class=\"synved-share-image synved-social-image synved-social-image-share\" width=\"24\" height=\"24\" style=\"display: inline;width:24px;height:24px;margin: 0;padding: 0;border: none;box-shadow: none\" src=\"https:\/\/swisschange.ch\/wp-content\/plugins\/social-media-feather\/synved-social\/addons\/extra-icons\/image\/social\/clearslate\/48x48\/mail.png\" \/><\/a><\/span>","protected":false},"excerpt":{"rendered":"<p>Bekanntlich hat der IWF eine spezielle Warnung herausgegeben, n\u00e4mlich dass &#8220;die Finanzierung des Kampfes gegen den Klimawandel allein durch Anreize ernsthaft das Risilo in sich birgt, die Staatshaushalte zu untergraben&#8221;. Die Warnung des IWF bezieht sich ausdr\u00fccklich auf den Wettbewerb im Rahmen der Energiewende-Kampagne und insbesondere auf den US Inflation Reduction Act (IRA) vom 16. August 2022, der im Nachhinein betrachtet viel mehr mit der Bek\u00e4mpfung der Inflation als mit dem Klimawandel zu tun hat.<\/p>\n","protected":false},"author":4,"featured_media":0,"comment_status":"closed","ping_status":"closed","sticky":false,"template":"","format":"standard","meta":{"inline_featured_image":false,"footnotes":""},"categories":[29],"tags":[],"class_list":["post-10363","post","type-post","status-publish","format-standard","hentry","category-emr"],"aioseo_notices":[],"_links":{"self":[{"href":"https:\/\/swisschange.ch\/it\/wp-json\/wp\/v2\/posts\/10363","targetHints":{"allow":["GET"]}}],"collection":[{"href":"https:\/\/swisschange.ch\/it\/wp-json\/wp\/v2\/posts"}],"about":[{"href":"https:\/\/swisschange.ch\/it\/wp-json\/wp\/v2\/types\/post"}],"author":[{"embeddable":true,"href":"https:\/\/swisschange.ch\/it\/wp-json\/wp\/v2\/users\/4"}],"replies":[{"embeddable":true,"href":"https:\/\/swisschange.ch\/it\/wp-json\/wp\/v2\/comments?post=10363"}],"version-history":[{"count":4,"href":"https:\/\/swisschange.ch\/it\/wp-json\/wp\/v2\/posts\/10363\/revisions"}],"predecessor-version":[{"id":10375,"href":"https:\/\/swisschange.ch\/it\/wp-json\/wp\/v2\/posts\/10363\/revisions\/10375"}],"wp:attachment":[{"href":"https:\/\/swisschange.ch\/it\/wp-json\/wp\/v2\/media?parent=10363"}],"wp:term":[{"taxonomy":"category","embeddable":true,"href":"https:\/\/swisschange.ch\/it\/wp-json\/wp\/v2\/categories?post=10363"},{"taxonomy":"post_tag","embeddable":true,"href":"https:\/\/swisschange.ch\/it\/wp-json\/wp\/v2\/tags?post=10363"}],"curies":[{"name":"wp","href":"https:\/\/api.w.org\/{rel}","templated":true}]}}